{"id":241318,"date":"2025-04-10T08:04:00","date_gmt":"2025-04-10T06:04:00","guid":{"rendered":"https:\/\/plakor.tomoszek.com\/?p=241318"},"modified":"2026-04-01T11:55:32","modified_gmt":"2026-04-01T09:55:32","slug":"financni-dar-pro-mobilnimu-hospic-strom-zivota","status":"publish","type":"post","link":"https:\/\/www.plakor.cz\/en\/2025\/04\/10\/financni-dar-pro-mobilnimu-hospic-strom-zivota\/","title":{"rendered":"We donated to the Strom \u017eivota mobile hospice"},"content":{"rendered":"<p>Our company proudly continues the tradition of supporting the Strom \u017eivota Mobile Hospice for the third year in a row. This year we contributed <strong>25 000 CZK<\/strong>.<\/p>\n\n\n\n<p>The Strom \u017eivota Mobile Hospice does an extremely important and sensitive job. Their mission is to enable people with incurable illnesses to experience the end of their lives at home, surrounded by their loved ones, without pain and unnecessary psychological suffering. Their comprehensive and empathetic care is focused on both adult and pediatric patients and, of course, on supporting their families during this difficult period. The aim is to ensure the utmost comfort and tranquility during the final stages of life.<\/p>\n\n\n\n<p>We are truly honored to be able to contribute our support to this vital work. We believe that our financial contribution will help ensure that the Strom \u017eivota Mobile Hospice can continue to provide its indispensable service to those who need it most, thus contributing to a dignified and peaceful departure within the circle of family.<\/p>","protected":false},"excerpt":{"rendered":"<p>Na\u0161e spole\u010dnost s hrdost\u00ed pokra\u010duje v tradici podpory Mobiln\u00edho hospice Strom \u017eivota, a to ji\u017e t\u0159et\u00edm rokem. Letos jsme p\u0159isp\u011bli \u010d\u00e1stkou 25 000 K\u010d. Mobiln\u00ed hospic Strom \u017eivota vykon\u00e1v\u00e1 nesm\u00edrn\u011b z\u00e1slu\u017enou a citlivou pr\u00e1ci. Jejich posl\u00e1n\u00ed spo\u010d\u00edv\u00e1 v tom, aby lidem s nevyl\u00e9\u010ditelnou nemoc\u00ed umo\u017enili pro\u017e\u00edt z\u00e1v\u011br \u017eivota v dom\u00e1c\u00edm prost\u0159ed\u00ed, obklopeni sv\u00fdmi milovan\u00fdmi, a [&hellip;]<\/p>\n","protected":false},"author":1,"featured_media":241233,"comment_status":"closed","ping_status":"open","sticky":false,"template":"","format":"standard","meta":{"_et_pb_use_builder":"off","_et_pb_old_content":"","_et_gb_content_width":"","footnotes":""},"categories":[12],"tags":[],"dipi_cpt_category":[],"class_list":["post-241318","post","type-post","status-publish","format-standard","has-post-thumbnail","hentry","category-novinky"],"_links":{"self":[{"href":"https:\/\/www.plakor.cz\/en\/wp-json\/wp\/v2\/posts\/241318","targetHints":{"allow":["GET"]}}],"collection":[{"href":"https:\/\/www.plakor.cz\/en\/wp-json\/wp\/v2\/posts"}],"about":[{"href":"https:\/\/www.plakor.cz\/en\/wp-json\/wp\/v2\/types\/post"}],"author":[{"embeddable":true,"href":"https:\/\/www.plakor.cz\/en\/wp-json\/wp\/v2\/users\/1"}],"replies":[{"embeddable":true,"href":"https:\/\/www.plakor.cz\/en\/wp-json\/wp\/v2\/comments?post=241318"}],"version-history":[{"count":9,"href":"https:\/\/www.plakor.cz\/en\/wp-json\/wp\/v2\/posts\/241318\/revisions"}],"predecessor-version":[{"id":241924,"href":"https:\/\/www.plakor.cz\/en\/wp-json\/wp\/v2\/posts\/241318\/revisions\/241924"}],"wp:featuredmedia":[{"embeddable":true,"href":"https:\/\/www.plakor.cz\/en\/wp-json\/wp\/v2\/media\/241233"}],"wp:attachment":[{"href":"https:\/\/www.plakor.cz\/en\/wp-json\/wp\/v2\/media?parent=241318"}],"wp:term":[{"taxonomy":"category","embeddable":true,"href":"https:\/\/www.plakor.cz\/en\/wp-json\/wp\/v2\/categories?post=241318"},{"taxonomy":"post_tag","embeddable":true,"href":"https:\/\/www.plakor.cz\/en\/wp-json\/wp\/v2\/tags?post=241318"},{"taxonomy":"dipi_cpt_category","embeddable":true,"href":"https:\/\/www.plakor.cz\/en\/wp-json\/wp\/v2\/dipi_cpt_category?post=241318"}],"curies":[{"name":"wp","href":"https:\/\/api.w.org\/{rel}","templated":true}]}}