{"id":241406,"date":"2025-04-30T14:56:00","date_gmt":"2025-04-30T12:56:00","guid":{"rendered":"https:\/\/plakor.tomoszek.com\/?p=241406"},"modified":"2026-04-01T11:55:32","modified_gmt":"2026-04-01T09:55:32","slug":"obleceni-pro-druhe-radost-pro-vsechny","status":"publish","type":"post","link":"https:\/\/www.plakor.cz\/en\/2025\/04\/30\/obleceni-pro-druhe-radost-pro-vsechny\/","title":{"rendered":"Clothes for others, happiness for everyone"},"content":{"rendered":"<p>Together with our employees, we organized a successful charity collection for the ADRA volunteer center\u2014clothes for adults, small home accessories, shoes, and books. All of these items were then taken to the ADRA charity shop.<\/p>\n\n\n\n<p>The proceeds from the sale of donated items are crucial for ADRA. Thanks to them, this nonprofit organization finances and develops its diverse and necessary activities. These include regular visits of seniors in homes, important assistance to children and adults with disabilities, support for intergenerational meetings, and many other projects that improve the lives of many people.<\/p>\n\n\n\n<p>We are truly grateful we could lend a hand and contribute to such an important cause. We extend our heartfelt gratitude to everyone who participated and showed their generosity<\/p>\n\n\n\n<p><\/p>\n\n\n\n<p><\/p>\n\n\n\n<figure class=\"wp-block-gallery has-nested-images columns-default is-cropped wp-block-gallery-1 is-layout-flex wp-block-gallery-is-layout-flex\">\n<figure class=\"wp-block-image size-large\"><a href=\"https:\/\/www.plakor.cz\/wp-content\/uploads\/2025\/06\/8_ADRA-scaled.webp\"><img loading=\"lazy\" decoding=\"async\" width=\"1024\" height=\"768\" data-id=\"241525\" src=\"https:\/\/www.plakor.cz\/wp-content\/uploads\/2025\/06\/8_ADRA-1024x768.webp\" alt=\"\" class=\"wp-image-241525\" srcset=\"https:\/\/www.plakor.cz\/wp-content\/uploads\/2025\/06\/8_ADRA-1024x768.webp 1024w, https:\/\/www.plakor.cz\/wp-content\/uploads\/2025\/06\/8_ADRA-300x225.webp 300w, https:\/\/www.plakor.cz\/wp-content\/uploads\/2025\/06\/8_ADRA-768x576.webp 768w, https:\/\/www.plakor.cz\/wp-content\/uploads\/2025\/06\/8_ADRA-1536x1152.webp 1536w, https:\/\/www.plakor.cz\/wp-content\/uploads\/2025\/06\/8_ADRA-2048x1536.webp 2048w, https:\/\/www.plakor.cz\/wp-content\/uploads\/2025\/06\/8_ADRA-16x12.webp 16w, https:\/\/www.plakor.cz\/wp-content\/uploads\/2025\/06\/8_ADRA-510x382.webp 510w, https:\/\/www.plakor.cz\/wp-content\/uploads\/2025\/06\/8_ADRA-1080x810.webp 1080w, https:\/\/www.plakor.cz\/wp-content\/uploads\/2025\/06\/8_ADRA-1280x960.webp 1280w, https:\/\/www.plakor.cz\/wp-content\/uploads\/2025\/06\/8_ADRA-980x735.webp 980w, https:\/\/www.plakor.cz\/wp-content\/uploads\/2025\/06\/8_ADRA-480x360.webp 480w\" sizes=\"(max-width: 1024px) 100vw, 1024px\" \/><\/a><\/figure>\n\n\n\n<figure class=\"wp-block-image size-large\"><a href=\"https:\/\/www.plakor.cz\/wp-content\/uploads\/2025\/05\/Podpora-ADRA.webp\"><img loading=\"lazy\" decoding=\"async\" width=\"730\" height=\"1024\" data-id=\"241235\" src=\"https:\/\/www.plakor.cz\/wp-content\/uploads\/2025\/05\/Podpora-ADRA-730x1024.webp\" alt=\"\" class=\"wp-image-241235\"\/><\/a><\/figure>\n<\/figure>","protected":false},"excerpt":{"rendered":"<p>Spole\u010dn\u00fdmi silami s&nbsp;na\u0161imi zam\u011bstnanci se n\u00e1m poda\u0159ilo uspo\u0159\u00e1dat \u00fasp\u011b\u0161nou charitativn\u00ed sb\u00edrku pro dobrovolnick\u00e9 centrum ADRA \u2013 oble\u010den\u00ed pro dosp\u011bl\u00e9, mal\u00e9 bytov\u00e9 dopl\u0148ky, boty, knihy. V\u0161echny tyto v\u011bci nakonec putovaly do charitativn\u00edho ADRA obch\u016fdku. V\u00fdt\u011b\u017eek z&nbsp;prodeje darovan\u00fdch v\u011bc\u00ed je pro ADRU kl\u00ed\u010dov\u00fd. D\u00edky n\u011bmu tato neziskov\u00e1 organizace financuje a rozv\u00edj\u00ed sv\u00e9 rozmanit\u00e9 a pot\u0159ebn\u00e9 aktivity. Mezi [&hellip;]<\/p>\n","protected":false},"author":1,"featured_media":241496,"comment_status":"closed","ping_status":"open","sticky":false,"template":"","format":"standard","meta":{"_et_pb_use_builder":"off","_et_pb_old_content":"<!-- wp:paragraph -->\n<p>Spole\u010dn\u00fdmi silami s&nbsp;na\u0161imi zam\u011bstnanci jsme uspo\u0159\u00e1dali charitativn\u00ed sb\u00edrku pro dobrovolnick\u00e9 centrum ADRA. Oble\u010den\u00ed pro dosp\u011bl\u00e9, mal\u00e9 bytov\u00e9 dopl\u0148ky, boty, knihy, v\u0161echny tyto v\u011bci nakonec putovaly do charitativn\u00edho ADRA obch\u016fdku.<\/p>\n<!-- \/wp:paragraph -->\n\n<!-- wp:paragraph -->\n<p>V\u00fdt\u011b\u017eek z&nbsp;prodeje darovan\u00fdch p\u0159edm\u011bt\u016f, ADRA financuje a rozv\u00edj\u00ed sv\u00e9 aktivity mezi kter\u00e9 pat\u0159\u00ed nap\u0159\u00edklad n\u00e1v\u0161t\u011bvy senior\u016f v&nbsp;domovech, pomoc d\u011btem i dosp\u011bl\u00fdm se zdravotn\u00edm posti\u017een\u00edm, podpora mezigenera\u010dn\u00edho setk\u00e1v\u00e1n\u00ed a mnoho dal\u0161\u00edho.&nbsp;<\/p>\n<!-- \/wp:paragraph -->\n\n<!-- wp:paragraph -->\n<p>Jsme r\u00e1di, \u017ee jsme mohli b\u00fdt sou\u010d\u00e1st\u00ed t\u00e9to pomoci.<\/p>\n<!-- \/wp:paragraph -->","_et_gb_content_width":"","footnotes":""},"categories":[12],"tags":[],"dipi_cpt_category":[],"class_list":["post-241406","post","type-post","status-publish","format-standard","has-post-thumbnail","hentry","category-novinky"],"_links":{"self":[{"href":"https:\/\/www.plakor.cz\/en\/wp-json\/wp\/v2\/posts\/241406","targetHints":{"allow":["GET"]}}],"collection":[{"href":"https:\/\/www.plakor.cz\/en\/wp-json\/wp\/v2\/posts"}],"about":[{"href":"https:\/\/www.plakor.cz\/en\/wp-json\/wp\/v2\/types\/post"}],"author":[{"embeddable":true,"href":"https:\/\/www.plakor.cz\/en\/wp-json\/wp\/v2\/users\/1"}],"replies":[{"embeddable":true,"href":"https:\/\/www.plakor.cz\/en\/wp-json\/wp\/v2\/comments?post=241406"}],"version-history":[{"count":10,"href":"https:\/\/www.plakor.cz\/en\/wp-json\/wp\/v2\/posts\/241406\/revisions"}],"predecessor-version":[{"id":242102,"href":"https:\/\/www.plakor.cz\/en\/wp-json\/wp\/v2\/posts\/241406\/revisions\/242102"}],"wp:featuredmedia":[{"embeddable":true,"href":"https:\/\/www.plakor.cz\/en\/wp-json\/wp\/v2\/media\/241496"}],"wp:attachment":[{"href":"https:\/\/www.plakor.cz\/en\/wp-json\/wp\/v2\/media?parent=241406"}],"wp:term":[{"taxonomy":"category","embeddable":true,"href":"https:\/\/www.plakor.cz\/en\/wp-json\/wp\/v2\/categories?post=241406"},{"taxonomy":"post_tag","embeddable":true,"href":"https:\/\/www.plakor.cz\/en\/wp-json\/wp\/v2\/tags?post=241406"},{"taxonomy":"dipi_cpt_category","embeddable":true,"href":"https:\/\/www.plakor.cz\/en\/wp-json\/wp\/v2\/dipi_cpt_category?post=241406"}],"curies":[{"name":"wp","href":"https:\/\/api.w.org\/{rel}","templated":true}]}}