{"id":241510,"date":"2024-11-05T23:16:00","date_gmt":"2024-11-05T22:16:00","guid":{"rendered":"https:\/\/plakor.tomoszek.com\/?p=241510"},"modified":"2026-04-01T11:55:32","modified_gmt":"2026-04-01T09:55:32","slug":"educa-nacvik-pracovnich-pohovoru","status":"publish","type":"post","link":"https:\/\/www.plakor.cz\/en\/2024\/11\/05\/educa-nacvik-pracovnich-pohovoru\/","title":{"rendered":"EDUCA: Job interview practice\u00a0"},"content":{"rendered":"<p>As part of our long-term and successful cooperation with the EDUCA Secondary Vocational School, we were happy to participate in a job interview practice with students in their final year of high school. This initiative represents a great opportunity for our company to connect with young talents and support their entry into the job market.<\/p>\n\n\n\n<p>The students took on the task of preparing professional CVs and motivation letters for our fictitious job offer with great commitment. They then experienced the real atmosphere of a job interview right on the school premises under the guidance of our experienced colleague from the HR department.<\/p>\n\n\n\n<p>This mutually beneficial activity provided the students with invaluable feedback on their presentation skills and readiness for a job interview. It was also a valuable lesson for our company. Thanks to direct interaction with future graduates, we gained a deeper insight into the expectations and requirements of the new generation that will soon enter the job market.<\/p>\n\n\n\n<p>We believe that this cooperation with SO\u0160 EDUCA is an investment in the future, and we look forward to further opportunities to support young people on their professional journey.<\/p>\n\n\n\n<p><\/p>\n\n\n\n<figure class=\"wp-block-gallery has-nested-images columns-default is-cropped wp-block-gallery-1 is-layout-flex wp-block-gallery-is-layout-flex\">\n<figure class=\"wp-block-image size-large\"><a href=\"https:\/\/www.plakor.cz\/wp-content\/uploads\/2025\/06\/2_EDUCA-3-scaled.webp\"><img loading=\"lazy\" decoding=\"async\" width=\"768\" height=\"1024\" data-id=\"241523\" src=\"https:\/\/www.plakor.cz\/wp-content\/uploads\/2025\/06\/2_EDUCA-3-768x1024.webp\" alt=\"\" class=\"wp-image-241523\" srcset=\"https:\/\/www.plakor.cz\/wp-content\/uploads\/2025\/06\/2_EDUCA-3-768x1024.webp 768w, https:\/\/www.plakor.cz\/wp-content\/uploads\/2025\/06\/2_EDUCA-3-225x300.webp 225w, https:\/\/www.plakor.cz\/wp-content\/uploads\/2025\/06\/2_EDUCA-3-1152x1536.webp 1152w, https:\/\/www.plakor.cz\/wp-content\/uploads\/2025\/06\/2_EDUCA-3-1536x2048.webp 1536w, https:\/\/www.plakor.cz\/wp-content\/uploads\/2025\/06\/2_EDUCA-3-9x12.webp 9w, https:\/\/www.plakor.cz\/wp-content\/uploads\/2025\/06\/2_EDUCA-3-1080x1440.webp 1080w, https:\/\/www.plakor.cz\/wp-content\/uploads\/2025\/06\/2_EDUCA-3-1280x1707.webp 1280w, https:\/\/www.plakor.cz\/wp-content\/uploads\/2025\/06\/2_EDUCA-3-980x1307.webp 980w, https:\/\/www.plakor.cz\/wp-content\/uploads\/2025\/06\/2_EDUCA-3-480x640.webp 480w, https:\/\/www.plakor.cz\/wp-content\/uploads\/2025\/06\/2_EDUCA-3-scaled.webp 1920w\" sizes=\"(max-width: 768px) 100vw, 768px\" \/><\/a><\/figure>\n\n\n\n<figure class=\"wp-block-image size-large\"><a href=\"https:\/\/www.plakor.cz\/wp-content\/uploads\/2025\/06\/2_EDUCA-2-scaled.webp\"><img loading=\"lazy\" decoding=\"async\" width=\"768\" height=\"1024\" data-id=\"241522\" src=\"https:\/\/www.plakor.cz\/wp-content\/uploads\/2025\/06\/2_EDUCA-2-768x1024.webp\" alt=\"\" class=\"wp-image-241522\" srcset=\"https:\/\/www.plakor.cz\/wp-content\/uploads\/2025\/06\/2_EDUCA-2-768x1024.webp 768w, https:\/\/www.plakor.cz\/wp-content\/uploads\/2025\/06\/2_EDUCA-2-225x300.webp 225w, https:\/\/www.plakor.cz\/wp-content\/uploads\/2025\/06\/2_EDUCA-2-1152x1536.webp 1152w, https:\/\/www.plakor.cz\/wp-content\/uploads\/2025\/06\/2_EDUCA-2-1536x2048.webp 1536w, https:\/\/www.plakor.cz\/wp-content\/uploads\/2025\/06\/2_EDUCA-2-9x12.webp 9w, https:\/\/www.plakor.cz\/wp-content\/uploads\/2025\/06\/2_EDUCA-2-1080x1440.webp 1080w, https:\/\/www.plakor.cz\/wp-content\/uploads\/2025\/06\/2_EDUCA-2-1280x1707.webp 1280w, https:\/\/www.plakor.cz\/wp-content\/uploads\/2025\/06\/2_EDUCA-2-980x1307.webp 980w, https:\/\/www.plakor.cz\/wp-content\/uploads\/2025\/06\/2_EDUCA-2-480x640.webp 480w, https:\/\/www.plakor.cz\/wp-content\/uploads\/2025\/06\/2_EDUCA-2-scaled.webp 1920w\" sizes=\"(max-width: 768px) 100vw, 768px\" \/><\/a><\/figure>\n<\/figure>","protected":false},"excerpt":{"rendered":"<p>V r\u00e1mci na\u0161\u00ed dlouhodob\u00e9 a \u00fasp\u011b\u0161n\u00e9 spolupr\u00e1ce se St\u0159edn\u00ed odbornou \u0161kolou EDUCA jsme se s radost\u00ed z\u00fa\u010dastnili n\u00e1cviku pracovn\u00edch pohovor\u016f s \u017e\u00e1ky maturitn\u00edch ro\u010dn\u00edk\u016f. Tato iniciativa p\u0159edstavuje pro na\u0161i spole\u010dnost skv\u011blou p\u0159\u00edle\u017eitost propojit se s mlad\u00fdmi talenty a podpo\u0159it jejich vstup na pracovn\u00ed trh. Studenti se s velk\u00fdm nasazen\u00edm zhostili \u00fakolu p\u0159ipravit si profesion\u00e1ln\u00ed \u017eivotopisy [&hellip;]<\/p>\n","protected":false},"author":1,"featured_media":241521,"comment_status":"closed","ping_status":"open","sticky":false,"template":"","format":"standard","meta":{"_et_pb_use_builder":"off","_et_pb_old_content":"","_et_gb_content_width":"","footnotes":""},"categories":[12],"tags":[],"dipi_cpt_category":[],"class_list":["post-241510","post","type-post","status-publish","format-standard","has-post-thumbnail","hentry","category-novinky"],"_links":{"self":[{"href":"https:\/\/www.plakor.cz\/en\/wp-json\/wp\/v2\/posts\/241510","targetHints":{"allow":["GET"]}}],"collection":[{"href":"https:\/\/www.plakor.cz\/en\/wp-json\/wp\/v2\/posts"}],"about":[{"href":"https:\/\/www.plakor.cz\/en\/wp-json\/wp\/v2\/types\/post"}],"author":[{"embeddable":true,"href":"https:\/\/www.plakor.cz\/en\/wp-json\/wp\/v2\/users\/1"}],"replies":[{"embeddable":true,"href":"https:\/\/www.plakor.cz\/en\/wp-json\/wp\/v2\/comments?post=241510"}],"version-history":[{"count":3,"href":"https:\/\/www.plakor.cz\/en\/wp-json\/wp\/v2\/posts\/241510\/revisions"}],"predecessor-version":[{"id":242096,"href":"https:\/\/www.plakor.cz\/en\/wp-json\/wp\/v2\/posts\/241510\/revisions\/242096"}],"wp:featuredmedia":[{"embeddable":true,"href":"https:\/\/www.plakor.cz\/en\/wp-json\/wp\/v2\/media\/241521"}],"wp:attachment":[{"href":"https:\/\/www.plakor.cz\/en\/wp-json\/wp\/v2\/media?parent=241510"}],"wp:term":[{"taxonomy":"category","embeddable":true,"href":"https:\/\/www.plakor.cz\/en\/wp-json\/wp\/v2\/categories?post=241510"},{"taxonomy":"post_tag","embeddable":true,"href":"https:\/\/www.plakor.cz\/en\/wp-json\/wp\/v2\/tags?post=241510"},{"taxonomy":"dipi_cpt_category","embeddable":true,"href":"https:\/\/www.plakor.cz\/en\/wp-json\/wp\/v2\/dipi_cpt_category?post=241510"}],"curies":[{"name":"wp","href":"https:\/\/api.w.org\/{rel}","templated":true}]}}