{"id":241791,"date":"2025-06-03T10:38:00","date_gmt":"2025-06-03T08:38:00","guid":{"rendered":"https:\/\/plakor.tomoszek.com\/?p=241791"},"modified":"2026-04-01T11:55:32","modified_gmt":"2026-04-01T09:55:32","slug":"zlepsujeme-komfort-pro-nase-zamestnance-novou-nekurackou-zonou","status":"publish","type":"post","link":"https:\/\/www.plakor.cz\/en\/2025\/06\/03\/zlepsujeme-komfort-pro-nase-zamestnance-novou-nekurackou-zonou\/","title":{"rendered":"We are improving the comfort of our employees with a new non-smoking zone"},"content":{"rendered":"<p>We are constantly striving to improve the working environment and ensure the comfort of our employees. For this reason, we have created a new outdoor relaxation area, which is also completely non-smoking.<\/p>\n\n\n\n<p>The rest area was created right in front of the administrative building, in close proximity to our canteen. Thanks to this, our employees can enjoy lunch, coffee or just relax outside on warmer days, away from the hustle of work.<\/p>\n\n\n\n<p>The place for relaxation and recharging consists of four wooden shelters and a spacious uncovered seating area. All parts are connected by paved walkways for convenient access.<\/p>\n\n\n\n<p>And that's not all. In the coming months, we plan to further expand similar features throughout the entire site. We want to create even more pleasant and stimulating places for our employees to relax and regenerate.<\/p>\n\n\n\n<p>We believe that our employees will appreciate this new rest area and will be happy to use it during their breaks.<\/p>\n\n\n\n<p><\/p>\n\n\n\n<figure class=\"wp-block-gallery has-nested-images columns-default is-cropped wp-block-gallery-1 is-layout-flex wp-block-gallery-is-layout-flex\">\n<figure class=\"wp-block-image size-large\"><a href=\"https:\/\/www.plakor.cz\/wp-content\/uploads\/2025\/07\/10_Odpocinkova-zona-1.jpg\"><img loading=\"lazy\" decoding=\"async\" width=\"1024\" height=\"771\" data-id=\"241792\" src=\"https:\/\/www.plakor.cz\/wp-content\/uploads\/2025\/07\/10_Odpocinkova-zona-1-1024x771.jpg\" alt=\"\" class=\"wp-image-241792\" srcset=\"https:\/\/www.plakor.cz\/wp-content\/uploads\/2025\/07\/10_Odpocinkova-zona-1-1024x771.jpg 1024w, https:\/\/www.plakor.cz\/wp-content\/uploads\/2025\/07\/10_Odpocinkova-zona-1-980x738.jpg 980w, https:\/\/www.plakor.cz\/wp-content\/uploads\/2025\/07\/10_Odpocinkova-zona-1-480x362.jpg 480w\" sizes=\"(min-width: 0px) and (max-width: 480px) 480px, (min-width: 481px) and (max-width: 980px) 980px, (min-width: 981px) 1024px, 100vw\" \/><\/a><\/figure>\n\n\n\n<figure class=\"wp-block-image size-large\"><a href=\"https:\/\/www.plakor.cz\/wp-content\/uploads\/2025\/07\/10_Odpocinkova-zona-2.jpg\"><img loading=\"lazy\" decoding=\"async\" width=\"1024\" height=\"771\" data-id=\"241793\" src=\"https:\/\/www.plakor.cz\/wp-content\/uploads\/2025\/07\/10_Odpocinkova-zona-2-1024x771.jpg\" alt=\"\" class=\"wp-image-241793\" srcset=\"https:\/\/www.plakor.cz\/wp-content\/uploads\/2025\/07\/10_Odpocinkova-zona-2-1024x771.jpg 1024w, https:\/\/www.plakor.cz\/wp-content\/uploads\/2025\/07\/10_Odpocinkova-zona-2-980x738.jpg 980w, https:\/\/www.plakor.cz\/wp-content\/uploads\/2025\/07\/10_Odpocinkova-zona-2-480x362.jpg 480w\" sizes=\"(min-width: 0px) and (max-width: 480px) 480px, (min-width: 481px) and (max-width: 980px) 980px, (min-width: 981px) 1024px, 100vw\" \/><\/a><\/figure>\n\n\n\n<figure class=\"wp-block-image size-large\"><a href=\"https:\/\/www.plakor.cz\/wp-content\/uploads\/2025\/07\/10_Odpocinkova-zona-3.jpg\"><img loading=\"lazy\" decoding=\"async\" width=\"1024\" height=\"771\" data-id=\"241794\" src=\"https:\/\/www.plakor.cz\/wp-content\/uploads\/2025\/07\/10_Odpocinkova-zona-3-1024x771.jpg\" alt=\"\" class=\"wp-image-241794\" srcset=\"https:\/\/www.plakor.cz\/wp-content\/uploads\/2025\/07\/10_Odpocinkova-zona-3-1024x771.jpg 1024w, https:\/\/www.plakor.cz\/wp-content\/uploads\/2025\/07\/10_Odpocinkova-zona-3-980x738.jpg 980w, https:\/\/www.plakor.cz\/wp-content\/uploads\/2025\/07\/10_Odpocinkova-zona-3-480x362.jpg 480w\" sizes=\"(min-width: 0px) and (max-width: 480px) 480px, (min-width: 481px) and (max-width: 980px) 980px, (min-width: 981px) 1024px, 100vw\" \/><\/a><\/figure>\n\n\n\n<figure class=\"wp-block-image size-large\"><a href=\"https:\/\/www.plakor.cz\/wp-content\/uploads\/2025\/07\/10_Odpocinkova-zona-4.jpg\"><img loading=\"lazy\" decoding=\"async\" width=\"1024\" height=\"768\" data-id=\"241795\" src=\"https:\/\/www.plakor.cz\/wp-content\/uploads\/2025\/07\/10_Odpocinkova-zona-4-1024x768.jpg\" alt=\"\" class=\"wp-image-241795\" srcset=\"https:\/\/www.plakor.cz\/wp-content\/uploads\/2025\/07\/10_Odpocinkova-zona-4-1024x768.jpg 1024w, https:\/\/www.plakor.cz\/wp-content\/uploads\/2025\/07\/10_Odpocinkova-zona-4-980x735.jpg 980w, https:\/\/www.plakor.cz\/wp-content\/uploads\/2025\/07\/10_Odpocinkova-zona-4-480x360.jpg 480w\" sizes=\"(min-width: 0px) and (max-width: 480px) 480px, (min-width: 481px) and (max-width: 980px) 980px, (min-width: 981px) 1024px, 100vw\" \/><\/a><\/figure>\n<\/figure>","protected":false},"excerpt":{"rendered":"<p>Neust\u00e1le se sna\u017e\u00edme zlep\u0161ovat pracovn\u00ed prost\u0159ed\u00ed a pe\u010dovat o komfort na\u0161ich zam\u011bstnanc\u016f. Z&nbsp;toho d\u016fvodu jsme vytvo\u0159ili novou venkovn\u00ed odpo\u010dinkovou z\u00f3nu, kter\u00e1 je nav\u00edc zcela neku\u0159\u00e1ck\u00e1. Odpo\u010dinkov\u00e1 z\u00f3na vznikla p\u0159\u00edmo p\u0159ed administrativn\u00ed budovou v&nbsp;t\u011bsn\u00e9 bl\u00edzkosti na\u0161\u00ed kant\u00fdny. D\u00edky tomu si mohou na\u0161i zam\u011bstnanci v&nbsp;teplej\u0161\u00edch dnech vychutnat ob\u011bd, k\u00e1vu nebo si jen odpo\u010dinout venku, mimo pracovn\u00ed shon. [&hellip;]<\/p>\n","protected":false},"author":3,"featured_media":241793,"comment_status":"closed","ping_status":"open","sticky":false,"template":"","format":"standard","meta":{"_et_pb_use_builder":"off","_et_pb_old_content":"","_et_gb_content_width":"","footnotes":""},"categories":[12],"tags":[],"dipi_cpt_category":[],"class_list":["post-241791","post","type-post","status-publish","format-standard","has-post-thumbnail","hentry","category-novinky"],"_links":{"self":[{"href":"https:\/\/www.plakor.cz\/en\/wp-json\/wp\/v2\/posts\/241791","targetHints":{"allow":["GET"]}}],"collection":[{"href":"https:\/\/www.plakor.cz\/en\/wp-json\/wp\/v2\/posts"}],"about":[{"href":"https:\/\/www.plakor.cz\/en\/wp-json\/wp\/v2\/types\/post"}],"author":[{"embeddable":true,"href":"https:\/\/www.plakor.cz\/en\/wp-json\/wp\/v2\/users\/3"}],"replies":[{"embeddable":true,"href":"https:\/\/www.plakor.cz\/en\/wp-json\/wp\/v2\/comments?post=241791"}],"version-history":[{"count":4,"href":"https:\/\/www.plakor.cz\/en\/wp-json\/wp\/v2\/posts\/241791\/revisions"}],"predecessor-version":[{"id":242085,"href":"https:\/\/www.plakor.cz\/en\/wp-json\/wp\/v2\/posts\/241791\/revisions\/242085"}],"wp:featuredmedia":[{"embeddable":true,"href":"https:\/\/www.plakor.cz\/en\/wp-json\/wp\/v2\/media\/241793"}],"wp:attachment":[{"href":"https:\/\/www.plakor.cz\/en\/wp-json\/wp\/v2\/media?parent=241791"}],"wp:term":[{"taxonomy":"category","embeddable":true,"href":"https:\/\/www.plakor.cz\/en\/wp-json\/wp\/v2\/categories?post=241791"},{"taxonomy":"post_tag","embeddable":true,"href":"https:\/\/www.plakor.cz\/en\/wp-json\/wp\/v2\/tags?post=241791"},{"taxonomy":"dipi_cpt_category","embeddable":true,"href":"https:\/\/www.plakor.cz\/en\/wp-json\/wp\/v2\/dipi_cpt_category?post=241791"}],"curies":[{"name":"wp","href":"https:\/\/api.w.org\/{rel}","templated":true}]}}