{"id":241951,"date":"2025-01-20T13:30:14","date_gmt":"2025-01-20T12:30:14","guid":{"rendered":"https:\/\/www.plakor.cz\/?p=241951"},"modified":"2026-04-01T11:55:32","modified_gmt":"2026-04-01T09:55:32","slug":"skvela-tymova-prace-prinesla-3-misto-v-soutezi-t-profi-2","status":"publish","type":"post","link":"https:\/\/www.plakor.cz\/en\/2025\/01\/20\/skvela-tymova-prace-prinesla-3-misto-v-soutezi-t-profi-2\/","title":{"rendered":"Great teamwork brought 3rd place in the T-PROFI competition"},"content":{"rendered":"<p>Our long-term partnership with the V\u00edtkovice Secondary Technical School has once again brought excellent results, this time in the competition area. Together we participated in the regional round of the T-PROFI competition, which has been running for the ninth year, and this is the second time we have participated as a company.<\/p>\n\n\n\n<p>This competition aims to actively support vocational education and to promote technical fields among the younger generation in an attractive way. The task of the competition team was to assemble and operate a functional model according to the assembly instructions and answer the questions from the knowledge test within the given time limit.<\/p>\n\n\n\n<p>The students demonstrated excellent performance as part of their teamwork. With admirable efficiency and precision, they managed not only to complete the model but also to submit it before the time limit expired. Their joint efforts, determination and mutual interaction were crowned with great success, namely a well-deserved 3rd place.<\/p>\n\n\n\n<p><\/p>\n\n\n\n<figure class=\"wp-block-gallery has-nested-images columns-default is-cropped wp-block-gallery-1 is-layout-flex wp-block-gallery-is-layout-flex\">\n<figure class=\"wp-block-image size-large\"><a href=\"https:\/\/www.plakor.cz\/wp-content\/uploads\/2025\/06\/5_T-PROFI-5-scaled.webp\"><img loading=\"lazy\" decoding=\"async\" width=\"768\" height=\"1024\" data-id=\"241538\" src=\"https:\/\/www.plakor.cz\/wp-content\/uploads\/2025\/06\/5_T-PROFI-5-768x1024.webp\" alt=\"\" class=\"wp-image-241538\" srcset=\"https:\/\/www.plakor.cz\/wp-content\/uploads\/2025\/06\/5_T-PROFI-5-768x1024.webp 768w, https:\/\/www.plakor.cz\/wp-content\/uploads\/2025\/06\/5_T-PROFI-5-225x300.webp 225w, https:\/\/www.plakor.cz\/wp-content\/uploads\/2025\/06\/5_T-PROFI-5-1152x1536.webp 1152w, https:\/\/www.plakor.cz\/wp-content\/uploads\/2025\/06\/5_T-PROFI-5-1536x2048.webp 1536w, https:\/\/www.plakor.cz\/wp-content\/uploads\/2025\/06\/5_T-PROFI-5-9x12.webp 9w, https:\/\/www.plakor.cz\/wp-content\/uploads\/2025\/06\/5_T-PROFI-5-1080x1440.webp 1080w, https:\/\/www.plakor.cz\/wp-content\/uploads\/2025\/06\/5_T-PROFI-5-1280x1707.webp 1280w, https:\/\/www.plakor.cz\/wp-content\/uploads\/2025\/06\/5_T-PROFI-5-980x1307.webp 980w, https:\/\/www.plakor.cz\/wp-content\/uploads\/2025\/06\/5_T-PROFI-5-480x640.webp 480w, https:\/\/www.plakor.cz\/wp-content\/uploads\/2025\/06\/5_T-PROFI-5-scaled.webp 1920w\" sizes=\"(max-width: 768px) 100vw, 768px\" \/><\/a><\/figure>\n\n\n\n<figure class=\"wp-block-image size-large\"><a href=\"https:\/\/www.plakor.cz\/wp-content\/uploads\/2025\/06\/5_T-PROFI-3-scaled.webp\"><img loading=\"lazy\" decoding=\"async\" width=\"768\" height=\"1024\" data-id=\"241536\" src=\"https:\/\/www.plakor.cz\/wp-content\/uploads\/2025\/06\/5_T-PROFI-3-768x1024.webp\" alt=\"\" class=\"wp-image-241536\" srcset=\"https:\/\/www.plakor.cz\/wp-content\/uploads\/2025\/06\/5_T-PROFI-3-768x1024.webp 768w, https:\/\/www.plakor.cz\/wp-content\/uploads\/2025\/06\/5_T-PROFI-3-225x300.webp 225w, https:\/\/www.plakor.cz\/wp-content\/uploads\/2025\/06\/5_T-PROFI-3-1152x1536.webp 1152w, https:\/\/www.plakor.cz\/wp-content\/uploads\/2025\/06\/5_T-PROFI-3-1536x2048.webp 1536w, https:\/\/www.plakor.cz\/wp-content\/uploads\/2025\/06\/5_T-PROFI-3-9x12.webp 9w, https:\/\/www.plakor.cz\/wp-content\/uploads\/2025\/06\/5_T-PROFI-3-1080x1440.webp 1080w, https:\/\/www.plakor.cz\/wp-content\/uploads\/2025\/06\/5_T-PROFI-3-1280x1707.webp 1280w, https:\/\/www.plakor.cz\/wp-content\/uploads\/2025\/06\/5_T-PROFI-3-980x1307.webp 980w, https:\/\/www.plakor.cz\/wp-content\/uploads\/2025\/06\/5_T-PROFI-3-480x640.webp 480w, https:\/\/www.plakor.cz\/wp-content\/uploads\/2025\/06\/5_T-PROFI-3-scaled.webp 1920w\" sizes=\"(max-width: 768px) 100vw, 768px\" \/><\/a><\/figure>\n\n\n\n<figure class=\"wp-block-image size-large\"><a href=\"https:\/\/www.plakor.cz\/wp-content\/uploads\/2025\/06\/5_T-PROFI-2-scaled.webp\"><img loading=\"lazy\" decoding=\"async\" width=\"768\" height=\"1024\" data-id=\"241535\" src=\"https:\/\/www.plakor.cz\/wp-content\/uploads\/2025\/06\/5_T-PROFI-2-768x1024.webp\" alt=\"\" class=\"wp-image-241535\" srcset=\"https:\/\/www.plakor.cz\/wp-content\/uploads\/2025\/06\/5_T-PROFI-2-768x1024.webp 768w, https:\/\/www.plakor.cz\/wp-content\/uploads\/2025\/06\/5_T-PROFI-2-225x300.webp 225w, https:\/\/www.plakor.cz\/wp-content\/uploads\/2025\/06\/5_T-PROFI-2-1152x1536.webp 1152w, https:\/\/www.plakor.cz\/wp-content\/uploads\/2025\/06\/5_T-PROFI-2-1536x2048.webp 1536w, https:\/\/www.plakor.cz\/wp-content\/uploads\/2025\/06\/5_T-PROFI-2-9x12.webp 9w, https:\/\/www.plakor.cz\/wp-content\/uploads\/2025\/06\/5_T-PROFI-2-1080x1440.webp 1080w, https:\/\/www.plakor.cz\/wp-content\/uploads\/2025\/06\/5_T-PROFI-2-1280x1707.webp 1280w, https:\/\/www.plakor.cz\/wp-content\/uploads\/2025\/06\/5_T-PROFI-2-980x1307.webp 980w, https:\/\/www.plakor.cz\/wp-content\/uploads\/2025\/06\/5_T-PROFI-2-480x640.webp 480w, https:\/\/www.plakor.cz\/wp-content\/uploads\/2025\/06\/5_T-PROFI-2-scaled.webp 1920w\" sizes=\"(max-width: 768px) 100vw, 768px\" \/><\/a><\/figure>\n\n\n\n<figure class=\"wp-block-image size-large\"><a href=\"https:\/\/www.plakor.cz\/wp-content\/uploads\/2025\/06\/5_T-PROFI-1.webp\"><img loading=\"lazy\" decoding=\"async\" width=\"1024\" height=\"768\" data-id=\"241534\" src=\"https:\/\/www.plakor.cz\/wp-content\/uploads\/2025\/06\/5_T-PROFI-1-1024x768.webp\" alt=\"\" class=\"wp-image-241534\" srcset=\"https:\/\/www.plakor.cz\/wp-content\/uploads\/2025\/06\/5_T-PROFI-1-980x735.webp 980w, https:\/\/www.plakor.cz\/wp-content\/uploads\/2025\/06\/5_T-PROFI-1-480x360.webp 480w\" sizes=\"(min-width: 0px) and (max-width: 480px) 480px, (min-width: 481px) and (max-width: 980px) 980px, (min-width: 981px) 1024px, 100vw\" \/><\/a><\/figure>\n<\/figure>","protected":false},"excerpt":{"rendered":"<p>Na\u0161e dlouhodob\u00e9 partnerstv\u00ed s V\u00edtkovickou st\u0159edn\u00ed pr\u016fmyslovou \u0161kolou op\u011bt p\u0159in\u00e1\u0161\u00ed vynikaj\u00edc\u00ed v\u00fdsledky, tentokr\u00e1t v sout\u011b\u017en\u00ed oblasti. Spole\u010dn\u011b jsme se z\u00fa\u010dastnili krajsk\u00e9ho kola sout\u011b\u017ee T-PROFI, kter\u00e1 prob\u00edh\u00e1 ji\u017e dev\u00e1t\u00fdm rokem a my jsme se do n\u00ed jako firma zapojili letos podruh\u00e9. Tato sout\u011b\u017e m\u00e1 za c\u00edl aktivn\u011b podporovat odborn\u00e9 vzd\u011bl\u00e1v\u00e1n\u00ed a atraktivn\u00edm zp\u016fsobem propagovat technick\u00e9 obory [&hellip;]<\/p>\n","protected":false},"author":3,"featured_media":241537,"comment_status":"closed","ping_status":"open","sticky":false,"template":"","format":"standard","meta":{"_et_pb_use_builder":"off","_et_pb_old_content":"","_et_gb_content_width":"","footnotes":""},"categories":[12],"tags":[],"dipi_cpt_category":[],"class_list":["post-241951","post","type-post","status-publish","format-standard","has-post-thumbnail","hentry","category-novinky"],"_links":{"self":[{"href":"https:\/\/www.plakor.cz\/en\/wp-json\/wp\/v2\/posts\/241951","targetHints":{"allow":["GET"]}}],"collection":[{"href":"https:\/\/www.plakor.cz\/en\/wp-json\/wp\/v2\/posts"}],"about":[{"href":"https:\/\/www.plakor.cz\/en\/wp-json\/wp\/v2\/types\/post"}],"author":[{"embeddable":true,"href":"https:\/\/www.plakor.cz\/en\/wp-json\/wp\/v2\/users\/3"}],"replies":[{"embeddable":true,"href":"https:\/\/www.plakor.cz\/en\/wp-json\/wp\/v2\/comments?post=241951"}],"version-history":[{"count":3,"href":"https:\/\/www.plakor.cz\/en\/wp-json\/wp\/v2\/posts\/241951\/revisions"}],"predecessor-version":[{"id":242100,"href":"https:\/\/www.plakor.cz\/en\/wp-json\/wp\/v2\/posts\/241951\/revisions\/242100"}],"wp:featuredmedia":[{"embeddable":true,"href":"https:\/\/www.plakor.cz\/en\/wp-json\/wp\/v2\/media\/241537"}],"wp:attachment":[{"href":"https:\/\/www.plakor.cz\/en\/wp-json\/wp\/v2\/media?parent=241951"}],"wp:term":[{"taxonomy":"category","embeddable":true,"href":"https:\/\/www.plakor.cz\/en\/wp-json\/wp\/v2\/categories?post=241951"},{"taxonomy":"post_tag","embeddable":true,"href":"https:\/\/www.plakor.cz\/en\/wp-json\/wp\/v2\/tags?post=241951"},{"taxonomy":"dipi_cpt_category","embeddable":true,"href":"https:\/\/www.plakor.cz\/en\/wp-json\/wp\/v2\/dipi_cpt_category?post=241951"}],"curies":[{"name":"wp","href":"https:\/\/api.w.org\/{rel}","templated":true}]}}