{"id":242167,"date":"2026-02-17T15:17:05","date_gmt":"2026-02-17T14:17:05","guid":{"rendered":"https:\/\/www.plakor.cz\/?p=242167"},"modified":"2026-04-01T11:55:32","modified_gmt":"2026-04-01T09:55:32","slug":"hr-specialista-se-zamerenim-na-employer-branding","status":"publish","type":"post","link":"https:\/\/www.plakor.cz\/en\/2026\/02\/17\/hr-specialista-se-zamerenim-na-employer-branding\/","title":{"rendered":"HR SPECIALISTA SE ZAM\u011a\u0158EN\u00cdM NA EMPLOYER BRANDING"},"content":{"rendered":"<p><strong>Hled\u00e1me kreativn\u00ed posilu do HR t\u00fdmu, kter\u00e1 se postar\u00e1 o vzd\u011bl\u00e1v\u00e1n\u00ed, benefity a to, aby o n\u00e1s bylo sly\u0161et.<\/strong><\/p>\n\n\n\n<p>J<strong>ak\u00e1 by byla Va\u0161e n\u00e1pl\u0148 pr\u00e1ce?<\/strong><\/p>\n\n\n\n<ul class=\"wp-block-list\">\n<li>Kompletn\u00ed spr\u00e1va agendy \u0161kolen\u00ed a jazykov\u00fdch kurz\u016f.<\/li>\n\n\n\n<li>Tvo\u0159en\u00ed obsahu na na\u0161e soci\u00e1ln\u00ed s\u00edt\u011b a web. Va\u0161\u00edm \u00fakolem bude uk\u00e1zat \u017eivot v PLAKORU takov\u00fd, jak\u00fd ve skute\u010dnosti je &#8211; autentick\u00fd a zaj\u00edmav\u00fd.<\/li>\n\n\n\n<li>Administrace firemn\u00ed aplikace a p\u00e9\u010de o to, aby informace tekly k zam\u011bstnanc\u016fm v\u010das a atraktivn\u00ed formou.<\/li>\n\n\n\n<li>Budete pe\u010dovat o na\u0161e st\u00e1vaj\u00edc\u00ed partnerstv\u00ed se \u0161kolami a pod\u00edlet se na p\u0159\u00edprav\u011b exkurz\u00ed.<\/li>\n\n\n\n<li>Agenda nefinan\u010dn\u00edch benefit\u016f a hled\u00e1n\u00ed nov\u00fdch zp\u016fsob\u016f, jak na\u0161im zam\u011bstnanc\u016fm zp\u0159\u00edjemnit pracovn\u00ed i voln\u00fd \u010das.<\/li>\n\n\n\n<li>Pod\u00edlen\u00ed se na p\u0159\u00edprav\u011b firemn\u00edch event\u016f a vym\u00fd\u0161len\u00ed d\u00e1rk\u016f pro zam\u011bstnance.<\/li>\n<\/ul>\n\n\n\n<p><strong>Koho hled\u00e1me?<\/strong><\/p>\n\n\n\n<ul class=\"wp-block-list\">\n<li>N\u011bkoho, kdo je ak\u010dn\u00ed, samostatn\u00fd a neboj\u00ed se p\u0159ich\u00e1zet s vlastn\u00edmi n\u00e1pady.<\/li>\n\n\n\n<li>M\u00e1 S\u0160\/V\u0160 vzd\u011bl\u00e1n\u00ed a praxi na obdobn\u00e9 pozici (ale i \u0161ikovn\u00e9 talenty r\u00e1di uvid\u00edme).<\/li>\n\n\n\n<li>V\u00fdborn\u00e1 znalost \u010desk\u00e9ho jazyka je podm\u00ednkou (pro psan\u00ed p\u0159\u00edsp\u011bvk\u016f a text\u016f) a angli\u010dtinu na komunikativn\u00ed \u00farovni.<\/li>\n\n\n\n<li>Pr\u00e1ce s Canvou nebo jin\u00fdmi grafick\u00fdmi programy a z\u00e1rove\u0148 ovl\u00e1d\u00e1n\u00ed MS Office.<\/li>\n<\/ul>\n\n\n\n<p><strong>Co nab\u00edz\u00edme my V\u00e1m?<\/strong><\/p>\n\n\n\n<ul class=\"wp-block-list\">\n<li>Z\u00e1zem\u00ed stabiln\u00ed mezin\u00e1rodn\u00ed spole\u010dnosti, kde se v\u011bci h\u00fdbou dop\u0159edu.<\/li>\n\n\n\n<li>F\u00e9rov\u00e9 mzdov\u00e9 podm\u00ednky, m\u011bs\u00ed\u010dn\u00ed pr\u00e9mie,13. a 14. plat.<\/li>\n\n\n\n<li>D\u00e1le elektronick\u00e9 stravenky, zv\u00fdhodn\u011bnou Multisportku, p\u0159\u00edsp\u011bvek na penzijko, a\u017e 6 dn\u016f dovolen\u00e9 nav\u00edc a mnoho dal\u0161\u00edch benefit\u016f.<\/li>\n\n\n\n<li>Flexibiln\u00ed pracovn\u00ed dobu s pevn\u00fdm j\u00e1drem.<\/li>\n\n\n\n<li>Fajn partu v HR t\u00fdmu, kter\u00e1 V\u00e1s nenech\u00e1 ve \u0161tychu.<\/li>\n\n\n\n<li>K\u00e1va na pracovi\u0161ti je zdarma a dostupn\u00e1 24\/7.<\/li>\n<\/ul>\n\n\n\n<p>Zaujala V\u00e1s tato pozice? Po\u0161lete n\u00e1m sv\u016fj \u017eivotopis! A pokud p\u0159ilo\u017e\u00edte uk\u00e1zky sv\u00e9 grafick\u00e9 tvorby nebo text\u016f, budeme nad\u0161en\u00ed \ud83d\ude42<\/p>","protected":false},"excerpt":{"rendered":"<p>Hled\u00e1me kreativn\u00ed posilu do HR t\u00fdmu, kter\u00e1 se postar\u00e1 o vzd\u011bl\u00e1v\u00e1n\u00ed, benefity a to, aby o n\u00e1s bylo sly\u0161et. Jak\u00e1 by byla Va\u0161e n\u00e1pl\u0148 pr\u00e1ce? Koho hled\u00e1me? Co nab\u00edz\u00edme my V\u00e1m? Zaujala V\u00e1s tato pozice? Po\u0161lete n\u00e1m sv\u016fj \u017eivotopis! A pokud p\u0159ilo\u017e\u00edte uk\u00e1zky sv\u00e9 grafick\u00e9 tvorby nebo text\u016f, budeme nad\u0161en\u00ed \ud83d\ude42<\/p>","protected":false},"author":5,"featured_media":242120,"comment_status":"closed","ping_status":"open","sticky":false,"template":"","format":"standard","meta":{"_et_pb_use_builder":"off","_et_pb_old_content":"<!-- wp:image {\"id\":242120,\"width\":\"1027px\",\"height\":\"auto\",\"aspectRatio\":\"1.796513062309822\",\"sizeSlug\":\"large\",\"linkDestination\":\"none\"} -->\n<figure class=\"wp-block-image size-large is-resized\"><img src=\"https:\/\/www.plakor.cz\/wp-content\/uploads\/2025\/10\/Untitled-design-1-1024x570.jpg\" alt=\"\" class=\"wp-image-242120\" style=\"aspect-ratio:1.796513062309822;width:1027px;height:auto\"\/><\/figure>\n<!-- \/wp:image -->\n\n<!-- wp:paragraph -->\n<p><strong>Hled\u00e1me kreativn\u00ed posilu do HR t\u00fdmu, kter\u00e1 se postar\u00e1 o vzd\u011bl\u00e1v\u00e1n\u00ed, benefity a to, aby o n\u00e1s bylo sly\u0161et.<\/strong><\/p>\n<!-- \/wp:paragraph -->\n\n<!-- wp:paragraph -->\n<p>J<strong>ak\u00e1 by byla Va\u0161e n\u00e1pl\u0148 pr\u00e1ce?<\/strong><\/p>\n<!-- \/wp:paragraph -->\n\n<!-- wp:list -->\n<ul class=\"wp-block-list\"><!-- wp:list-item -->\n<li>Kompletn\u00ed spr\u00e1va agendy \u0161kolen\u00ed a jazykov\u00fdch kurz\u016f.<\/li>\n<!-- \/wp:list-item -->\n\n<!-- wp:list-item -->\n<li>Tvo\u0159en\u00ed obsahu na na\u0161e soci\u00e1ln\u00ed s\u00edt\u011b a web. Va\u0161\u00edm \u00fakolem bude uk\u00e1zat \u017eivot v PLAKORU takov\u00fd, jak\u00fd ve skute\u010dnosti je - autentick\u00fd a zaj\u00edmav\u00fd.<\/li>\n<!-- \/wp:list-item -->\n\n<!-- wp:list-item -->\n<li>Administrace firemn\u00ed aplikace a p\u00e9\u010de o to, aby informace tekly k zam\u011bstnanc\u016fm v\u010das a atraktivn\u00ed formou.<\/li>\n<!-- \/wp:list-item -->\n\n<!-- wp:list-item -->\n<li>Budete pe\u010dovat o na\u0161e st\u00e1vaj\u00edc\u00ed partnerstv\u00ed se \u0161kolami a pod\u00edlet se na p\u0159\u00edprav\u011b exkurz\u00ed.<\/li>\n<!-- \/wp:list-item -->\n\n<!-- wp:list-item -->\n<li>Agenda nefinan\u010dn\u00edch benefit\u016f a hled\u00e1n\u00ed nov\u00fdch zp\u016fsob\u016f, jak na\u0161im zam\u011bstnanc\u016fm zp\u0159\u00edjemnit pracovn\u00ed i voln\u00fd \u010das.<\/li>\n<!-- \/wp:list-item -->\n\n<!-- wp:list-item -->\n<li>Pod\u00edlen\u00ed se na p\u0159\u00edprav\u011b firemn\u00edch event\u016f a vym\u00fd\u0161len\u00ed d\u00e1rk\u016f pro zam\u011bstnance.<\/li>\n<!-- \/wp:list-item --><\/ul>\n<!-- \/wp:list -->\n\n<!-- wp:paragraph -->\n<p><strong>Koho hled\u00e1me?<\/strong><\/p>\n<!-- \/wp:paragraph -->\n\n<!-- wp:list -->\n<ul class=\"wp-block-list\"><!-- wp:list-item -->\n<li>N\u011bkoho, kdo je ak\u010dn\u00ed, samostatn\u00fd a neboj\u00ed se p\u0159ich\u00e1zet s vlastn\u00edmi n\u00e1pady.<\/li>\n<!-- \/wp:list-item -->\n\n<!-- wp:list-item -->\n<li>M\u00e1 S\u0160\/V\u0160 vzd\u011bl\u00e1n\u00ed a praxi na obdobn\u00e9 pozici (ale i \u0161ikovn\u00e9 talenty r\u00e1di uvid\u00edme).<\/li>\n<!-- \/wp:list-item -->\n\n<!-- wp:list-item -->\n<li>V\u00fdborn\u00e1 znalost \u010desk\u00e9ho jazyka je podm\u00ednkou (pro psan\u00ed p\u0159\u00edsp\u011bvk\u016f a text\u016f) a angli\u010dtinu na komunikativn\u00ed \u00farovni.<\/li>\n<!-- \/wp:list-item -->\n\n<!-- wp:list-item -->\n<li>Pr\u00e1ce s Canvou nebo jin\u00fdmi grafick\u00fdmi programy a z\u00e1rove\u0148 ovl\u00e1d\u00e1n\u00ed MS Office.<\/li>\n<!-- \/wp:list-item --><\/ul>\n<!-- \/wp:list -->\n\n<!-- wp:paragraph -->\n<p><strong>Co nab\u00edz\u00edme my V\u00e1m?<\/strong><\/p>\n<!-- \/wp:paragraph -->\n\n<!-- wp:list -->\n<ul class=\"wp-block-list\"><!-- wp:list-item -->\n<li>Z\u00e1zem\u00ed stabiln\u00ed mezin\u00e1rodn\u00ed spole\u010dnosti, kde se v\u011bci h\u00fdbou dop\u0159edu.<\/li>\n<!-- \/wp:list-item -->\n\n<!-- wp:list-item -->\n<li>F\u00e9rov\u00e9 mzdov\u00e9 podm\u00ednky, m\u011bs\u00ed\u010dn\u00ed pr\u00e9mie,13. a 14. plat.<\/li>\n<!-- \/wp:list-item -->\n\n<!-- wp:list-item -->\n<li>D\u00e1le elektronick\u00e9 stravenky, zv\u00fdhodn\u011bnou Multisportku, p\u0159\u00edsp\u011bvek na penzijko, a\u017e 6 dn\u016f dovolen\u00e9 nav\u00edc a mnoho dal\u0161\u00edch benefit\u016f.<\/li>\n<!-- \/wp:list-item -->\n\n<!-- wp:list-item -->\n<li>Flexibiln\u00ed pracovn\u00ed dobu s pevn\u00fdm j\u00e1drem.<\/li>\n<!-- \/wp:list-item -->\n\n<!-- wp:list-item -->\n<li>Fajn partu v HR t\u00fdmu, kter\u00e1 V\u00e1s nenech\u00e1 ve \u0161tychu.<\/li>\n<!-- \/wp:list-item -->\n\n<!-- wp:list-item -->\n<li>K\u00e1va na pracovi\u0161ti je zdarma a dostupn\u00e1 24\/7.<\/li>\n<!-- \/wp:list-item --><\/ul>\n<!-- \/wp:list -->\n\n<!-- wp:paragraph -->\n<p>Zaujala V\u00e1s tato pozice? Po\u0161lete n\u00e1m sv\u016fj \u017eivotopis! A pokud p\u0159ilo\u017e\u00edte uk\u00e1zky sv\u00e9 grafick\u00e9 tvorby nebo text\u016f, budeme nad\u0161en\u00ed :-)<\/p>\n<!-- \/wp:paragraph -->","_et_gb_content_width":"1296","footnotes":""},"categories":[11],"tags":[],"dipi_cpt_category":[],"class_list":["post-242167","post","type-post","status-publish","format-standard","has-post-thumbnail","hentry","category-nabidka-prace"],"_links":{"self":[{"href":"https:\/\/www.plakor.cz\/en\/wp-json\/wp\/v2\/posts\/242167","targetHints":{"allow":["GET"]}}],"collection":[{"href":"https:\/\/www.plakor.cz\/en\/wp-json\/wp\/v2\/posts"}],"about":[{"href":"https:\/\/www.plakor.cz\/en\/wp-json\/wp\/v2\/types\/post"}],"author":[{"embeddable":true,"href":"https:\/\/www.plakor.cz\/en\/wp-json\/wp\/v2\/users\/5"}],"replies":[{"embeddable":true,"href":"https:\/\/www.plakor.cz\/en\/wp-json\/wp\/v2\/comments?post=242167"}],"version-history":[{"count":13,"href":"https:\/\/www.plakor.cz\/en\/wp-json\/wp\/v2\/posts\/242167\/revisions"}],"predecessor-version":[{"id":242191,"href":"https:\/\/www.plakor.cz\/en\/wp-json\/wp\/v2\/posts\/242167\/revisions\/242191"}],"wp:featuredmedia":[{"embeddable":true,"href":"https:\/\/www.plakor.cz\/en\/wp-json\/wp\/v2\/media\/242120"}],"wp:attachment":[{"href":"https:\/\/www.plakor.cz\/en\/wp-json\/wp\/v2\/media?parent=242167"}],"wp:term":[{"taxonomy":"category","embeddable":true,"href":"https:\/\/www.plakor.cz\/en\/wp-json\/wp\/v2\/categories?post=242167"},{"taxonomy":"post_tag","embeddable":true,"href":"https:\/\/www.plakor.cz\/en\/wp-json\/wp\/v2\/tags?post=242167"},{"taxonomy":"dipi_cpt_category","embeddable":true,"href":"https:\/\/www.plakor.cz\/en\/wp-json\/wp\/v2\/dipi_cpt_category?post=242167"}],"curies":[{"name":"wp","href":"https:\/\/api.w.org\/{rel}","templated":true}]}}