{"id":242200,"date":"2026-03-10T10:15:47","date_gmt":"2026-03-10T09:15:47","guid":{"rendered":"https:\/\/www.plakor.cz\/?p=242200"},"modified":"2026-04-01T11:55:32","modified_gmt":"2026-04-01T09:55:32","slug":"specialista-oddeleni-vyvoje","status":"publish","type":"post","link":"https:\/\/www.plakor.cz\/en\/2026\/03\/10\/specialista-oddeleni-vyvoje\/","title":{"rendered":"Specialista odd\u011blen\u00ed V\u00ddVOJE"},"content":{"rendered":"<blockquote class=\"wp-block-quote is-layout-flow wp-block-quote-is-layout-flow\">\n<p><strong>Bav\u00ed T\u011b technika, nov\u00e9 projekty a hled\u00e1n\u00ed lep\u0161\u00edch \u0159e\u0161en\u00ed?<br>Tak to \u010dte\u0161 spr\u00e1vn\u00e9 \u0159\u00e1dky!<\/strong><\/p>\n\n\n\n<p><strong>Pr\u00e1v\u011b hled\u00e1me par\u0165\u00e1ka do v\u00fdvoje, kter\u00fd se zapoj\u00ed do zav\u00e1d\u011bn\u00ed nov\u00fdch d\u00edl\u016f do v\u00fdroby a pom\u016f\u017ee p\u0159ev\u00e1d\u011bt technick\u00e9 n\u00e1pady do re\u00e1ln\u00e9 praxe.<\/strong><\/p>\n\n\n\n<p><strong>Ne\u010dekej ale jen pr\u00e1ci u dokumentace \u2014 u n\u00e1s bude\u0161 p\u0159\u00edmo u projekt\u016f od prvn\u00edho n\u00e1vrhu a\u017e po spu\u0161t\u011bn\u00ed s\u00e9riov\u00e9 v\u00fdroby.<\/strong><\/p>\n<\/blockquote>\n\n\n\n<p><strong>Co by T\u011b na t\u00e9to pozici \u010dekalo:<\/strong><\/p>\n\n\n\n<ul class=\"wp-block-list\">\n<li>Bude\u0161 u zav\u00e1d\u011bn\u00ed nov\u00fdch d\u00edl\u016f do v\u00fdroby \u2014 od prvn\u00edho n\u00e1vrhu a\u017e po s\u00e9riovou produkci<\/li>\n\n\n\n<li>Spolupr\u00e1ce na v\u00fdvojov\u00fdch projektech pro automotive z\u00e1kazn\u00edky a zav\u00e1d\u011bn\u00ed inovativn\u00edch \u0159e\u0161en\u00ed do praxe<\/li>\n\n\n\n<li>\u00dapravy a aktualizace technick\u00e9 dokumentace podle aktu\u00e1ln\u00ed f\u00e1ze projektu<\/li>\n\n\n\n<li>Kontrola v\u00fdroby, aby v\u0161e odpov\u00eddalo technick\u00fdm po\u017eadavk\u016fm a fungovalo bez probl\u00e9m\u016f<\/li>\n\n\n\n<li>Dohled nad kvalitou nov\u00fdch produkt\u016f ve spolupr\u00e1ci s t\u00fdmem kvality<\/li>\n\n\n\n<li>\u0158e\u0161en\u00ed technick\u00fdch v\u00fdzev b\u011bhem p\u0159\u00edpravy projektu a rozjezdu v\u00fdroby<\/li>\n\n\n\n<li>Sd\u00edlen\u00ed d\u016fle\u017eit\u00fdch informac\u00ed a podpora nad\u0159\u00edzen\u00e9ho p\u0159i \u0159\u00edzen\u00ed projekt\u016f<\/li>\n\n\n\n<li>\u00da\u010dast na intern\u00edch auditech a hled\u00e1n\u00ed zp\u016fsob\u016f, jak procesy posouvat d\u00e1l<\/li>\n<\/ul>\n\n\n\n<p><strong>Koho vlastn\u011b hled\u00e1me:<\/strong><\/p>\n\n\n\n<ul class=\"wp-block-list\">\n<li>Technika, kter\u00e9ho bav\u00ed vid\u011bt, jak se n\u00e1pad m\u011bn\u00ed v re\u00e1ln\u00fd v\u00fdrobek<\/li>\n\n\n\n<li>Nad\u0161ence, kter\u00fd r\u00e1d hled\u00e1 p\u0159\u00ed\u010diny technick\u00fdch probl\u00e9m\u016f, p\u0159em\u00fd\u0161l\u00ed nad \u0159e\u0161en\u00edm a bav\u00ed ho v\u011bci zlep\u0161ovat<\/li>\n\n\n\n<li>Par\u0165\u00e1ka, kter\u00fd um\u00ed spolupracovat, sd\u00edlet informace a t\u00e1hnout s t\u00fdmem za jeden provaz<\/li>\n<\/ul>\n\n\n\n<p><strong>Bude skv\u011bl\u00e9, pokud:<\/strong><\/p>\n\n\n\n<ul class=\"wp-block-list\">\n<li>Technick\u00e9 vzd\u011bl\u00e1n\u00ed (S\u0160\/V\u0160) je Tv\u016fj z\u00e1klad<\/li>\n\n\n\n<li>Pr\u00e1ce v MS Office je pro Tebe samoz\u0159ejmost<\/li>\n\n\n\n<li>M\u00e1\u0161 p\u0159irozen\u00e9 technick\u00e9 my\u0161len\u00ed a chu\u0165 v\u011bcem p\u0159ij\u00edt na kloub<\/li>\n\n\n\n<li>V\u00fdkresov\u00e1 dokumentace pro Tebe nen\u00ed \u0161ifra<\/li>\n\n\n\n<li>M\u00e1\u0161 zku\u0161enost s n\u011bkter\u00fdm CAD n\u00e1strojem (nap\u0159. SolidWorks, CATIA, Inventor apod.)<\/li>\n\n\n\n<li>P\u0159ehled o v\u00fdrobn\u00edch procesech nebo chu\u0165 se v nich rychle zorientovat bereme jako velk\u00e9 plus<\/li>\n\n\n\n<li>Komunikace v angli\u010dtin\u011b Ti ned\u011bl\u00e1 probl\u00e9m<\/li>\n\n\n\n<li>Pojmy jako IATF 16949, VDA, Formel Q, FMEA nebo APQP jsi u\u017e n\u011bkdy sly\u0161el<\/li>\n\n\n\n<li>Zvl\u00e1dne\u0161 pracovat samostatn\u011b, ale v\u00ed\u0161, \u017ee nejlep\u0161\u00ed v\u00fdsledky vznikaj\u00ed v\u00a0t\u00fdmu<\/li>\n\n\n\n<li>Pe\u010dlivost a zodpov\u011bdnost bere\u0161 jako samoz\u0159ejmost<\/li>\n\n\n\n<li>Vlastn\u00ed\u0161 \u0158P sk. B a jsi aktivn\u00edm \u0159idi\u010dem<\/li>\n<\/ul>\n\n\n\n<p><strong>U n\u00e1s se m\u016f\u017ee\u0161 t\u011b\u0161it na:<\/strong><\/p>\n\n\n\n<ul class=\"wp-block-list\">\n<li>F\u00e9rov\u00e9 mzdov\u00e9 podm\u00ednky<\/li>\n\n\n\n<li>Monthly bonuses<\/li>\n\n\n\n<li>Pololetn\u00ed a ro\u010dn\u00ed bonusy (tzv. 13. a 14. plat)<\/li>\n\n\n\n<li>Mo\u017enost r\u016fstu a prostor pro vlastn\u00ed iniciativu<\/li>\n\n\n\n<li>Pru\u017enou pracovn\u00ed dobu<\/li>\n\n\n\n<li>Stravenky ve v\u00fd\u0161i 180 K\u010d\/den na stravenkov\u00e9 kart\u011b<\/li>\n\n\n\n<li>Zv\u00fdhodn\u011bnou Multisport kartu<\/li>\n\n\n\n<li>P\u0159\u00edsp\u011bvek na penzijn\u00ed p\u0159ipoji\u0161t\u011bn\u00ed<\/li>\n\n\n\n<li>Free language courses<\/li>\n\n\n\n<li>Mo\u017enost bez\u00faro\u010dn\u00e9 zam\u011bstnaneck\u00e9 p\u016fj\u010dky<\/li>\n\n\n\n<li>Pouk\u00e1zky p\u0159i pracovn\u00edch v\u00fdro\u010d\u00edch a osobn\u00edch ud\u00e1lostech<\/li>\n\n\n\n<li>A\u017e 6 dn\u00ed dovolen\u00e9 nad z\u00e1konn\u00fd r\u00e1mec (dle odpracovan\u00fdch let)<\/li>\n\n\n\n<li>Akce pro zam\u011bstnance jako Coffee Day, zmrzlina zdarma apod.<\/li>\n<\/ul>\n\n\n\n<p><strong>D\u00e1le by T\u011b mohlo zaj\u00edmat:<\/strong><\/p>\n\n\n\n<ul class=\"wp-block-list\">\n<li>Pracovn\u00ed doba je flexibiln\u00ed (pevn\u00e9 j\u00e1dro 8:00-14:00)<\/li>\n\n\n\n<li>Ob\u010das se m\u016f\u017ee naskytnout n\u011bjak\u00fd ten p\u0159es\u010das, ale bude samoz\u0159ejm\u011b placen\u00fd<\/li>\n\n\n\n<li>Dostane\u0161 mo\u017enost z\u00edskat nov\u00e9 zku\u0161enosti ve velk\u00e9 automotive firm\u011b<\/li>\n\n\n\n<li>Bude\u0161 pracovat v p\u0159\u00e1telsk\u00e9m kolektivu<\/li>\n\n\n\n<li>K\u00e1vu na pracovi\u0161ti m\u00e1me zdarma<\/li>\n\n\n\n<li>N\u00e1stup je mo\u017en\u00fd dle dohody<\/li>\n<\/ul>\n\n\n\n<p><em>Tento inzer\u00e1t je psan\u00fd v mu\u017esk\u00e9m rodu \u010dist\u011b z d\u016fvodu plynulosti textu.<\/em><\/p>","protected":false},"excerpt":{"rendered":"<p>Bav\u00ed T\u011b technika, nov\u00e9 projekty a hled\u00e1n\u00ed lep\u0161\u00edch \u0159e\u0161en\u00ed?Tak to \u010dte\u0161 spr\u00e1vn\u00e9 \u0159\u00e1dky! Pr\u00e1v\u011b hled\u00e1me par\u0165\u00e1ka do v\u00fdvoje, kter\u00fd se zapoj\u00ed do zav\u00e1d\u011bn\u00ed nov\u00fdch d\u00edl\u016f do v\u00fdroby a pom\u016f\u017ee p\u0159ev\u00e1d\u011bt technick\u00e9 n\u00e1pady do re\u00e1ln\u00e9 praxe. Ne\u010dekej ale jen pr\u00e1ci u dokumentace \u2014 u n\u00e1s bude\u0161 p\u0159\u00edmo u projekt\u016f od prvn\u00edho n\u00e1vrhu a\u017e po spu\u0161t\u011bn\u00ed s\u00e9riov\u00e9 [&hellip;]<\/p>\n","protected":false},"author":4,"featured_media":242201,"comment_status":"closed","ping_status":"open","sticky":false,"template":"","format":"standard","meta":{"_et_pb_use_builder":"off","_et_pb_old_content":"","_et_gb_content_width":"","footnotes":""},"categories":[11],"tags":[],"dipi_cpt_category":[],"class_list":["post-242200","post","type-post","status-publish","format-standard","has-post-thumbnail","hentry","category-nabidka-prace"],"_links":{"self":[{"href":"https:\/\/www.plakor.cz\/en\/wp-json\/wp\/v2\/posts\/242200","targetHints":{"allow":["GET"]}}],"collection":[{"href":"https:\/\/www.plakor.cz\/en\/wp-json\/wp\/v2\/posts"}],"about":[{"href":"https:\/\/www.plakor.cz\/en\/wp-json\/wp\/v2\/types\/post"}],"author":[{"embeddable":true,"href":"https:\/\/www.plakor.cz\/en\/wp-json\/wp\/v2\/users\/4"}],"replies":[{"embeddable":true,"href":"https:\/\/www.plakor.cz\/en\/wp-json\/wp\/v2\/comments?post=242200"}],"version-history":[{"count":1,"href":"https:\/\/www.plakor.cz\/en\/wp-json\/wp\/v2\/posts\/242200\/revisions"}],"predecessor-version":[{"id":242202,"href":"https:\/\/www.plakor.cz\/en\/wp-json\/wp\/v2\/posts\/242200\/revisions\/242202"}],"wp:featuredmedia":[{"embeddable":true,"href":"https:\/\/www.plakor.cz\/en\/wp-json\/wp\/v2\/media\/242201"}],"wp:attachment":[{"href":"https:\/\/www.plakor.cz\/en\/wp-json\/wp\/v2\/media?parent=242200"}],"wp:term":[{"taxonomy":"category","embeddable":true,"href":"https:\/\/www.plakor.cz\/en\/wp-json\/wp\/v2\/categories?post=242200"},{"taxonomy":"post_tag","embeddable":true,"href":"https:\/\/www.plakor.cz\/en\/wp-json\/wp\/v2\/tags?post=242200"},{"taxonomy":"dipi_cpt_category","embeddable":true,"href":"https:\/\/www.plakor.cz\/en\/wp-json\/wp\/v2\/dipi_cpt_category?post=242200"}],"curies":[{"name":"wp","href":"https:\/\/api.w.org\/{rel}","templated":true}]}}