{"id":242214,"date":"2026-04-23T13:16:40","date_gmt":"2026-04-23T11:16:40","guid":{"rendered":"https:\/\/www.plakor.cz\/?p=242214"},"modified":"2026-04-23T13:33:25","modified_gmt":"2026-04-23T11:33:25","slug":"junior-logistics-specialist","status":"publish","type":"post","link":"https:\/\/www.plakor.cz\/en\/2026\/04\/23\/junior-logistics-specialist\/","title":{"rendered":"JUNIOR LOGISTICS SPECIALIST"},"content":{"rendered":"<blockquote class=\"wp-block-quote is-layout-flow wp-block-quote-is-layout-flow\">\n<p>Bav\u00ed T\u011b logistika, pr\u00e1ce s daty a chce\u0161 vid\u011bt, jak funguj\u00ed dod\u00e1vky od pl\u00e1nov\u00e1n\u00ed a\u017e po z\u00e1kazn\u00edka?<br>Hled\u00e1me n\u011bkoho, kdo se chce v logistice rozv\u00edjet, nau\u010dit se nov\u00e9 v\u011bci a postupn\u011b p\u0159evz\u00edt vlastn\u00ed agendu.<\/p>\n\n\n\n<p>U n\u00e1s nebude\u0161 jen zad\u00e1vat data do syst\u00e9mu \u2013 bude\u0161 sou\u010d\u00e1st\u00ed procesu, d\u00edky kter\u00e9mu se spr\u00e1vn\u00e9 d\u00edly dostanou ke spr\u00e1vn\u00e9mu z\u00e1kazn\u00edkovi ve spr\u00e1vn\u00fd \u010das.<\/p>\n<\/blockquote>\n\n\n\n<p><strong>Jak bude vypadat Tv\u016fj pracovn\u00ed den:<\/strong><\/p>\n\n\n\n<ul class=\"wp-block-list\">\n<li>P\u0159iprav\u00ed\u0161 podklady pro denn\u00ed pl\u00e1n dod\u00e1vek k z\u00e1kazn\u00edk\u016fm<\/li>\n\n\n\n<li>Komunikuje\u0161 se z\u00e1kazn\u00edky a dopravci ohledn\u011b dod\u00e1vek<\/li>\n\n\n\n<li>Koordinuje\u0161 p\u0159epravu a spolupracuje\u0161 s dopravci<\/li>\n\n\n\n<li>Sleduje\u0161 stavy z\u00e1sob u z\u00e1kazn\u00edk\u016f a pracuje\u0161 s logistick\u00fdmi daty<\/li>\n\n\n\n<li>Pom\u00e1h\u00e1\u0161 \u0159e\u0161it drobn\u00e9 nesrovnalosti v dod\u00e1vk\u00e1ch<\/li>\n\n\n\n<li>Pracuje\u0161 s daty a p\u0159ipravuje\u0161 reporty<\/li>\n\n\n\n<li>Pod\u00edl\u00ed\u0161 se na kontrole fakturace a inventur<\/li>\n<\/ul>\n\n\n\n<p><strong>Koho vlastn\u011b hled\u00e1me:<\/strong><\/p>\n\n\n\n<ul class=\"wp-block-list\">\n<li>Komunikativn\u00edho kolegu, kter\u00e9mu ned\u011bl\u00e1 probl\u00e9m domluvit se se z\u00e1kazn\u00edky ani dopravci<\/li>\n\n\n\n<li>Organizovan\u00e9ho \u010dlov\u011bka, kter\u00fd m\u00e1 p\u0159ehled v datech i \u00fakolech a v\u00ed, co m\u00e1 prioritu<\/li>\n\n\n\n<li>Pe\u010dliv\u00e9ho par\u0165\u00e1ka, kter\u00fd dotahuje v\u011bci do konce a hl\u00edd\u00e1 si detaily<\/li>\n\n\n\n<li>T\u00fdmov\u00e9ho hr\u00e1\u010de, kter\u00fd se neboj\u00ed zeptat a m\u00e1 chu\u0165 u\u010dit se nov\u00e9 v\u011bci<\/li>\n<\/ul>\n\n\n\n<p><strong>Bude skv\u011bl\u00e9, pokud:<\/strong><\/p>\n\n\n\n<ul class=\"wp-block-list\">\n<li>M\u00e1\u0161 alespo\u0148 st\u0159edo\u0161kolsk\u00e9 vzd\u011bl\u00e1n\u00ed<\/li>\n\n\n\n<li>MS Office ovl\u00e1d\u00e1\u0161 bez v\u011bt\u0161\u00edch probl\u00e9m\u016f (hlavn\u011b s\u00a0Excelem si rozum\u00ed\u0161)<\/li>\n\n\n\n<li>Komunikace v\u00a0angli\u010dtin\u011b Ti ned\u011bl\u00e1 pot\u00ed\u017ee<\/li>\n\n\n\n<li>Um\u00ed\u0161 fungovat samostatn\u011b, ale v\u00ed\u0161, \u017ee dobr\u00e9 v\u00fdsledky vznikaj\u00ed v\u00a0t\u00fdmu<\/li>\n\n\n\n<li>M\u00e1\u0161 prvn\u00ed zku\u0161enost z logistiky nebo v\u00fdrobn\u00ed firmy (v\u00fdhodou, ne podm\u00ednkou)<\/li>\n\n\n\n<li>Chu\u0165 u\u010dit se nov\u00e9 v\u011bci a posouvat se d\u00e1l je Ti vlastn\u00ed<\/li>\n\n\n\n<li>Vlastn\u00ed\u0161 \u0159idi\u010dsk\u00fd pr\u016fkaz sk. B a jsi aktivn\u00ed \u0159idi\u010d<\/li>\n<\/ul>\n\n\n\n<p><strong>U n\u00e1s se m\u016f\u017ee\u0161 t\u011b\u0161it na:<\/strong><\/p>\n\n\n\n<ul class=\"wp-block-list\">\n<li>F\u00e9rov\u00e9 mzdov\u00e9 podm\u00ednky<\/li>\n\n\n\n<li>Monthly bonuses<\/li>\n\n\n\n<li>Pololetn\u00ed a ro\u010dn\u00ed bonusy (tzv. 13. a 14. plat)<\/li>\n\n\n\n<li>Mo\u017enost r\u016fstu a prostor pro vlastn\u00ed iniciativu<\/li>\n\n\n\n<li>Pru\u017enou pracovn\u00ed dobu<\/li>\n\n\n\n<li>Stravenky ve v\u00fd\u0161i 180 K\u010d\/den na stravenkov\u00e9 kart\u011b<\/li>\n\n\n\n<li>Zv\u00fdhodn\u011bnou Multisport kartu<\/li>\n\n\n\n<li>P\u0159\u00edsp\u011bvek na penzijn\u00ed p\u0159ipoji\u0161t\u011bn\u00ed<\/li>\n\n\n\n<li>Free language courses<\/li>\n\n\n\n<li>Mo\u017enost bez\u00faro\u010dn\u00e9 zam\u011bstnaneck\u00e9 p\u016fj\u010dky<\/li>\n\n\n\n<li>Pouk\u00e1zky p\u0159i pracovn\u00edch v\u00fdro\u010d\u00edch a osobn\u00edch ud\u00e1lostech<\/li>\n\n\n\n<li>A\u017e 6 dn\u00ed dovolen\u00e9 nad z\u00e1konn\u00fd r\u00e1mec (dle odpracovan\u00fdch let)<\/li>\n\n\n\n<li>Akce pro zam\u011bstnance jako Coffee Day, zmrzlina zdarma apod.<\/li>\n<\/ul>\n\n\n\n<p><strong>D\u00e1le by T\u011b mohlo zaj\u00edmat:<\/strong><\/p>\n\n\n\n<ul class=\"wp-block-list\">\n<li>Pracovn\u00ed doba je flexibiln\u00ed (pevn\u00e9 j\u00e1dro 8:00-14:00)<\/li>\n\n\n\n<li>Ob\u010das se m\u016f\u017ee naskytnout n\u011bjak\u00fd ten p\u0159es\u010das, ale bude samoz\u0159ejm\u011b placen\u00fd<\/li>\n\n\n\n<li>Dostane\u0161 mo\u017enost z\u00edskat nov\u00e9 zku\u0161enosti ve velk\u00e9 automotive firm\u011b<\/li>\n\n\n\n<li>Bude\u0161 pracovat v p\u0159\u00e1telsk\u00e9m kolektivu<\/li>\n\n\n\n<li>K\u00e1vu na pracovi\u0161ti m\u00e1me zdarma<\/li>\n\n\n\n<li>N\u00e1stup je mo\u017en\u00fd dle dohody<\/li>\n<\/ul>\n\n\n\n<p><em>Tento inzer\u00e1t je psan\u00fd v mu\u017esk\u00e9m rodu \u010dist\u011b z d\u016fvodu plynulosti textu.<\/em><\/p>","protected":false},"excerpt":{"rendered":"<p>Bav\u00ed T\u011b logistika, pr\u00e1ce s daty a chce\u0161 vid\u011bt, jak funguj\u00ed dod\u00e1vky od pl\u00e1nov\u00e1n\u00ed a\u017e po z\u00e1kazn\u00edka?Hled\u00e1me n\u011bkoho, kdo se chce v logistice rozv\u00edjet, nau\u010dit se nov\u00e9 v\u011bci a postupn\u011b p\u0159evz\u00edt vlastn\u00ed agendu. U n\u00e1s nebude\u0161 jen zad\u00e1vat data do syst\u00e9mu \u2013 bude\u0161 sou\u010d\u00e1st\u00ed procesu, d\u00edky kter\u00e9mu se spr\u00e1vn\u00e9 d\u00edly dostanou ke spr\u00e1vn\u00e9mu z\u00e1kazn\u00edkovi ve [&hellip;]<\/p>\n","protected":false},"author":4,"featured_media":242216,"comment_status":"open","ping_status":"open","sticky":false,"template":"","format":"standard","meta":{"_et_pb_use_builder":"off","_et_pb_old_content":"","_et_gb_content_width":"","footnotes":""},"categories":[11],"tags":[],"dipi_cpt_category":[],"class_list":["post-242214","post","type-post","status-publish","format-standard","has-post-thumbnail","hentry","category-nabidka-prace"],"_links":{"self":[{"href":"https:\/\/www.plakor.cz\/en\/wp-json\/wp\/v2\/posts\/242214","targetHints":{"allow":["GET"]}}],"collection":[{"href":"https:\/\/www.plakor.cz\/en\/wp-json\/wp\/v2\/posts"}],"about":[{"href":"https:\/\/www.plakor.cz\/en\/wp-json\/wp\/v2\/types\/post"}],"author":[{"embeddable":true,"href":"https:\/\/www.plakor.cz\/en\/wp-json\/wp\/v2\/users\/4"}],"replies":[{"embeddable":true,"href":"https:\/\/www.plakor.cz\/en\/wp-json\/wp\/v2\/comments?post=242214"}],"version-history":[{"count":2,"href":"https:\/\/www.plakor.cz\/en\/wp-json\/wp\/v2\/posts\/242214\/revisions"}],"predecessor-version":[{"id":242221,"href":"https:\/\/www.plakor.cz\/en\/wp-json\/wp\/v2\/posts\/242214\/revisions\/242221"}],"wp:featuredmedia":[{"embeddable":true,"href":"https:\/\/www.plakor.cz\/en\/wp-json\/wp\/v2\/media\/242216"}],"wp:attachment":[{"href":"https:\/\/www.plakor.cz\/en\/wp-json\/wp\/v2\/media?parent=242214"}],"wp:term":[{"taxonomy":"category","embeddable":true,"href":"https:\/\/www.plakor.cz\/en\/wp-json\/wp\/v2\/categories?post=242214"},{"taxonomy":"post_tag","embeddable":true,"href":"https:\/\/www.plakor.cz\/en\/wp-json\/wp\/v2\/tags?post=242214"},{"taxonomy":"dipi_cpt_category","embeddable":true,"href":"https:\/\/www.plakor.cz\/en\/wp-json\/wp\/v2\/dipi_cpt_category?post=242214"}],"curies":[{"name":"wp","href":"https:\/\/api.w.org\/{rel}","templated":true}]}}