{"id":242217,"date":"2026-04-23T13:30:53","date_gmt":"2026-04-23T11:30:53","guid":{"rendered":"https:\/\/www.plakor.cz\/?p=242217"},"modified":"2026-04-23T13:35:16","modified_gmt":"2026-04-23T11:35:16","slug":"production-supervisor","status":"publish","type":"post","link":"https:\/\/www.plakor.cz\/en\/2026\/04\/23\/production-supervisor\/","title":{"rendered":"PRODUCTION SUPERVISOR"},"content":{"rendered":"<blockquote class=\"wp-block-quote is-layout-flow wp-block-quote-is-layout-flow\">\n<p>Bav\u00ed T\u011b v\u00fdroba, m\u00e1\u0161 r\u00e1d v\u011bci pod kontrolou a chce\u0161 b\u00fdt p\u0159\u00edmo u toho, kde se v\u011bci d\u011bj\u00ed?<br>Hled\u00e1me par\u0165\u00e1ka, kter\u00fd si vezme na starost sm\u011bnu, pohl\u00edd\u00e1 chod v\u00fdroby a pom\u016f\u017ee t\u00fdmu fungovat bez zbyte\u010dn\u00fdch z\u00e1drhel\u016f.<\/p>\n\n\n\n<p>U n\u00e1s nebude\u0161 jen sed\u011bt u po\u010d\u00edta\u010de \u2013 bude\u0161 p\u0159\u00edmo ve v\u00fdrob\u011b, \u0159e\u0161it re\u00e1ln\u00e9 situace a m\u00edt p\u0159\u00edm\u00fd vliv na to, jak funguje cel\u00fd t\u00fdm.<\/p>\n<\/blockquote>\n\n\n\n<p><strong>Jak bude vypadat Tv\u016fj pracovn\u00ed den:<\/strong><\/p>\n\n\n\n<ul class=\"wp-block-list\">\n<li>Zkoordinuje\u0161 celou v\u00fdrobn\u00ed sm\u011bnu a m\u00e1\u0161 p\u0159ehled o tom, co se ve v\u00fdrob\u011b d\u011bje<\/li>\n\n\n\n<li>Zajist\u00ed\u0161, aby v\u00fdroba b\u011b\u017eela podle pl\u00e1nu a v\u0161echny procesy na sebe spr\u00e1vn\u011b navazovaly<\/li>\n\n\n\n<li>Ohl\u00edd\u00e1\u0161 pln\u011bn\u00ed v\u00fdrobn\u00edch pl\u00e1n\u016f i n\u00e1vaznost na z\u00e1kaznick\u00e9 po\u017eadavky<\/li>\n\n\n\n<li>\u0158e\u0161\u00ed\u0161 operativn\u00ed situace ve v\u00fdrob\u011b tak, aby byl zachov\u00e1n plynul\u00fd chod<\/li>\n\n\n\n<li>Spolupracuje\u0161 s kvalitou na \u0159e\u0161en\u00ed odchylek a reklamac\u00ed<\/li>\n\n\n\n<li>Komunikuje\u0161 s logistikou a podle pot\u0159eby \u0159e\u0161\u00ed\u0161 i expedici k z\u00e1kazn\u00edkovi<\/li>\n\n\n\n<li>Pracuje\u0161 s daty, p\u0159ipravuje\u0161 reporty a m\u00e1\u0161 p\u0159ehled o v\u00fdsledc\u00edch v\u00fdroby<\/li>\n\n\n\n<li>Pohl\u00edd\u00e1\u0161 dodr\u017eov\u00e1n\u00ed postup\u016f, standard\u016f a bezpe\u010dnosti<\/li>\n\n\n\n<li>V\u0161\u00edm\u00e1\u0161 si, jak\u00fd proces nebo postup v\u00fdroby by \u0161el je\u0161t\u011b vylep\u0161it<\/li>\n<\/ul>\n\n\n\n<p><strong>Koho vlastn\u011b hled\u00e1me:<\/strong><\/p>\n\n\n\n<ul class=\"wp-block-list\">\n<li>\u010clov\u011bka, kter\u00fd se orientuje ve v\u00fdrobn\u00edm prost\u0159ed\u00ed a v\u00ed, jak funguje sm\u011bnn\u00fd provoz<\/li>\n\n\n\n<li>P\u0159irozen\u00e9ho l\u00eddra, kter\u00fd dok\u00e1\u017ee zorganizovat chod v\u011bt\u0161\u00edho t\u00fdmu a udr\u017eet v\u011bci pod kontrolou<\/li>\n\n\n\n<li>Komunikativn\u00edho par\u0165\u00e1ka, kter\u00fd se bez probl\u00e9m\u016f domluv\u00ed s v\u00fdrobou, kvalitou i logistikou<\/li>\n\n\n\n<li>Samostatn\u00e9ho a zodpov\u011bdn\u00e9ho kolegu, kter\u00fd m\u00e1 p\u0159ehled v pl\u00e1nech, procesech i datech a neboj\u00ed se p\u0159evz\u00edt odpov\u011bdnost<\/li>\n<\/ul>\n\n\n\n<p><strong>Bude skv\u011bl\u00e9, pokud:<\/strong><\/p>\n\n\n\n<ul class=\"wp-block-list\">\n<li>M\u00e1\u0161 zku\u0161enost s veden\u00edm lid\u00ed ve v\u00fdrobn\u00edm prost\u0159ed\u00ed<\/li>\n\n\n\n<li>Orientuje\u0161 se ve v\u00fdrobn\u00edch procesech a dok\u00e1\u017ee\u0161 dob\u0159e zorganizovat pr\u00e1ci svou i druh\u00fdch<\/li>\n\n\n\n<li>Pr\u00e1ce s\u00a0PC T\u011b nezasko\u010d\u00ed \u2013 bere\u0161 ji jako b\u011b\u017en\u00fd pracovn\u00ed n\u00e1stroj a nov\u00fd software se r\u00e1d nau\u010d\u00ed\u0161 ovl\u00e1dat<\/li>\n\n\n\n<li>Dok\u00e1\u017ee\u0161 rychle vyhodnotit situaci a naj\u00edt praktick\u00e9 \u0159e\u0161en\u00ed<\/li>\n\n\n\n<li>Nezasko\u010d\u00ed T\u011b provozn\u00ed tempo a zvl\u00e1d\u00e1\u0161 si udr\u017eet p\u0159ehled<\/li>\n\n\n\n<li>M\u00e1\u0161 p\u0159irozen\u00fd respekt a um\u00ed\u0161 si ho z\u00edskat i u t\u00fdmu<\/li>\n<\/ul>\n\n\n\n<p><strong>U n\u00e1s se m\u016f\u017ee\u0161 t\u011b\u0161it na:<\/strong><\/p>\n\n\n\n<ul class=\"wp-block-list\">\n<li>F\u00e9rov\u00e9 mzdov\u00e9 podm\u00ednky<\/li>\n\n\n\n<li>Monthly bonuses<\/li>\n\n\n\n<li>Pololetn\u00ed a ro\u010dn\u00ed bonusy (tzv.13. a 14. plat)<\/li>\n\n\n\n<li>Stravenky ve v\u00fd\u0161i 180 k\u010d\/den na stravenkov\u00e9 kart\u011b<\/li>\n\n\n\n<li>Pension bonuses<\/li>\n\n\n\n<li>Up to 6 vacation days above the legal limit (can be obtained over the years of service)<\/li>\n\n\n\n<li>Mo\u017enost bez\u00faro\u010dn\u00e9 zam\u011bstnaneck\u00e9 p\u016fj\u010dky<\/li>\n\n\n\n<li>Multisport kartu se zv\u00fdhodn\u011bnou cenou<\/li>\n\n\n\n<li>D\u00e1rkov\u00e9 pouk\u00e1zky p\u0159i pracovn\u00edch v\u00fdro\u010d\u00edch a osobn\u00edch ud\u00e1lostech<\/li>\n\n\n\n<li>Akce pro zam\u011bstnance \u2013 Coffee day, Zmrzlina zdarma a dal\u0161\u00ed<\/li>\n\n\n\n<li>Modern\u00ed a \u010dist\u00e9 pracovn\u00ed prost\u0159ed\u00ed, mo\u017enost kari\u00e9rn\u00edho r\u016fstu<\/li>\n<\/ul>\n\n\n\n<p><strong>D\u00e1le by T\u011b mohlo zaj\u00edmat:<\/strong><\/p>\n\n\n\n<ul class=\"wp-block-list\">\n<li>\u010cekala by T\u011b pr\u00e1ce v t\u0159\u00edsm\u011bnn\u00e9m provozu<\/li>\n\n\n\n<li>Mohl bys vyu\u017e\u00edvat firemn\u00ed autobusovou dopravu ZDARMA (z Ostravy, Karvin\u00e9, Bohum\u00edna, Orlov\u00e9, Hav\u00ed\u0159ova, Nov\u00e9ho Ji\u010d\u00edna, Kop\u0159ivnice, P\u0159\u00edbora)<\/li>\n\n\n\n<li>Ob\u010das se m\u016f\u017ee naskytnout n\u011bjak\u00fd ten p\u0159es\u010das, ale bude samoz\u0159ejm\u011b placen\u00fd<\/li>\n\n\n\n<li>Z\u00edsk\u00e1\u0161 nov\u00e9 zku\u0161enosti ve velk\u00e9 automotive firm\u011b<\/li>\n\n\n\n<li>N\u00e1stup je mo\u017en\u00fd dle dohody<\/li>\n<\/ul>\n\n\n\n<p><strong>Zaujali jsme T\u011b? Pak n\u00e1m ur\u010dit\u011b za\u0161li sv\u00e9 CV!<\/strong><\/p>\n\n\n\n<p><em>Tento inzer\u00e1t je psan\u00fd v mu\u017esk\u00e9m rodu \u010dist\u011b z d\u016fvodu plynulosti textu.<\/em><\/p>","protected":false},"excerpt":{"rendered":"<p>Bav\u00ed T\u011b v\u00fdroba, m\u00e1\u0161 r\u00e1d v\u011bci pod kontrolou a chce\u0161 b\u00fdt p\u0159\u00edmo u toho, kde se v\u011bci d\u011bj\u00ed?Hled\u00e1me par\u0165\u00e1ka, kter\u00fd si vezme na starost sm\u011bnu, pohl\u00edd\u00e1 chod v\u00fdroby a pom\u016f\u017ee t\u00fdmu fungovat bez zbyte\u010dn\u00fdch z\u00e1drhel\u016f. U n\u00e1s nebude\u0161 jen sed\u011bt u po\u010d\u00edta\u010de \u2013 bude\u0161 p\u0159\u00edmo ve v\u00fdrob\u011b, \u0159e\u0161it re\u00e1ln\u00e9 situace a m\u00edt p\u0159\u00edm\u00fd vliv na [&hellip;]<\/p>\n","protected":false},"author":4,"featured_media":242219,"comment_status":"open","ping_status":"open","sticky":false,"template":"","format":"standard","meta":{"_et_pb_use_builder":"off","_et_pb_old_content":"","_et_gb_content_width":"","footnotes":""},"categories":[11],"tags":[],"dipi_cpt_category":[],"class_list":["post-242217","post","type-post","status-publish","format-standard","has-post-thumbnail","hentry","category-nabidka-prace"],"_links":{"self":[{"href":"https:\/\/www.plakor.cz\/en\/wp-json\/wp\/v2\/posts\/242217","targetHints":{"allow":["GET"]}}],"collection":[{"href":"https:\/\/www.plakor.cz\/en\/wp-json\/wp\/v2\/posts"}],"about":[{"href":"https:\/\/www.plakor.cz\/en\/wp-json\/wp\/v2\/types\/post"}],"author":[{"embeddable":true,"href":"https:\/\/www.plakor.cz\/en\/wp-json\/wp\/v2\/users\/4"}],"replies":[{"embeddable":true,"href":"https:\/\/www.plakor.cz\/en\/wp-json\/wp\/v2\/comments?post=242217"}],"version-history":[{"count":1,"href":"https:\/\/www.plakor.cz\/en\/wp-json\/wp\/v2\/posts\/242217\/revisions"}],"predecessor-version":[{"id":242218,"href":"https:\/\/www.plakor.cz\/en\/wp-json\/wp\/v2\/posts\/242217\/revisions\/242218"}],"wp:featuredmedia":[{"embeddable":true,"href":"https:\/\/www.plakor.cz\/en\/wp-json\/wp\/v2\/media\/242219"}],"wp:attachment":[{"href":"https:\/\/www.plakor.cz\/en\/wp-json\/wp\/v2\/media?parent=242217"}],"wp:term":[{"taxonomy":"category","embeddable":true,"href":"https:\/\/www.plakor.cz\/en\/wp-json\/wp\/v2\/categories?post=242217"},{"taxonomy":"post_tag","embeddable":true,"href":"https:\/\/www.plakor.cz\/en\/wp-json\/wp\/v2\/tags?post=242217"},{"taxonomy":"dipi_cpt_category","embeddable":true,"href":"https:\/\/www.plakor.cz\/en\/wp-json\/wp\/v2\/dipi_cpt_category?post=242217"}],"curies":[{"name":"wp","href":"https:\/\/api.w.org\/{rel}","templated":true}]}}